{"id":2044,"date":"2024-09-22T10:27:16","date_gmt":"2024-09-22T10:27:16","guid":{"rendered":"https:\/\/www.chaireearth.org\/?p=2044"},"modified":"2024-10-07T07:54:42","modified_gmt":"2024-10-07T07:54:42","slug":"plus-de-la-moitie-des-maladies-infectieuses-connues-aggravees-par-le-rechauffement-climatique","status":"publish","type":"post","link":"https:\/\/www.chaireearth.org\/en\/plus-de-la-moitie-des-maladies-infectieuses-connues-aggravees-par-le-rechauffement-climatique\/","title":{"rendered":"Plus de la moiti\u00e9 des maladies infectieuses connues aggrav\u00e9es par le r\u00e9chauffement climatique"},"content":{"rendered":"<div data-elementor-type=\"wp-post\" data-elementor-id=\"2044\" class=\"elementor elementor-2044\" data-elementor-post-type=\"post\">\n\t\t\t\t\t\t<section class=\"elementor-section elementor-top-section elementor-element elementor-element-efe2a87 elementor-section-boxed elementor-section-height-default elementor-section-height-default\" data-id=\"efe2a87\" data-element_type=\"section\" data-e-type=\"section\">\n\t\t\t\t\t\t<div class=\"elementor-container elementor-column-gap-default\">\n\t\t\t\t\t<div class=\"elementor-column elementor-col-100 elementor-top-column elementor-element elementor-element-1bc4a09\" data-id=\"1bc4a09\" data-element_type=\"column\" data-e-type=\"column\">\n\t\t\t<div class=\"elementor-widget-wrap elementor-element-populated\">\n\t\t\t\t\t\t<div class=\"elementor-element elementor-element-2481faa elementor-widget elementor-widget-spacer\" data-id=\"2481faa\" data-element_type=\"widget\" data-e-type=\"widget\" data-widget_type=\"spacer.default\">\n\t\t\t\t<div class=\"elementor-widget-container\">\n\t\t\t\t\t\t\t<div class=\"elementor-spacer\">\n\t\t\t<div class=\"elementor-spacer-inner\"><\/div>\n\t\t<\/div>\n\t\t\t\t\t\t<\/div>\n\t\t\t\t<\/div>\n\t\t\t\t<div class=\"elementor-element elementor-element-560e033 elementor-widget elementor-widget-heading\" data-id=\"560e033\" data-element_type=\"widget\" data-e-type=\"widget\" data-widget_type=\"heading.default\">\n\t\t\t\t<div class=\"elementor-widget-container\">\n\t\t\t\t\t<h1 class=\"elementor-heading-title elementor-size-default\">Plus de la moiti\u00e9 des maladies infectieuses connues aggrav\u00e9es par le r\u00e9chauffement climatique<\/h1>\t\t\t\t<\/div>\n\t\t\t\t<\/div>\n\t\t\t\t<div class=\"elementor-element elementor-element-47abcb2 elementor-icon-list--layout-inline elementor-align-center elementor-list-item-link-full_width elementor-widget elementor-widget-icon-list\" data-id=\"47abcb2\" data-element_type=\"widget\" data-e-type=\"widget\" data-widget_type=\"icon-list.default\">\n\t\t\t\t<div class=\"elementor-widget-container\">\n\t\t\t\t\t\t\t<ul class=\"elementor-icon-list-items elementor-inline-items\">\n\t\t\t\t\t\t\t<li class=\"elementor-icon-list-item elementor-inline-item\">\n\t\t\t\t\t\t\t\t\t\t\t<span class=\"elementor-icon-list-icon\">\n\t\t\t\t\t\t\t<i aria-hidden=\"true\" class=\"fas fa-file-alt\"><\/i>\t\t\t\t\t\t<\/span>\n\t\t\t\t\t\t\t\t\t\t<span class=\"elementor-icon-list-text\">Sant\u00e9<\/span>\n\t\t\t\t\t\t\t\t\t<\/li>\n\t\t\t\t\t\t\t\t<li class=\"elementor-icon-list-item elementor-inline-item\">\n\t\t\t\t\t\t\t\t\t\t\t<span class=\"elementor-icon-list-icon\">\n\t\t\t\t\t\t\t<i aria-hidden=\"true\" class=\"fas fa-calendar-alt\"><\/i>\t\t\t\t\t\t<\/span>\n\t\t\t\t\t\t\t\t\t\t<span class=\"elementor-icon-list-text\">05.04.2024 <\/span>\n\t\t\t\t\t\t\t\t\t<\/li>\n\t\t\t\t\t\t\t\t<li class=\"elementor-icon-list-item elementor-inline-item\">\n\t\t\t\t\t\t\t\t\t\t\t<span class=\"elementor-icon-list-icon\">\n\t\t\t\t\t\t\t<i aria-hidden=\"true\" class=\"fas fa-clock\"><\/i>\t\t\t\t\t\t<\/span>\n\t\t\t\t\t\t\t\t\t\t<span class=\"elementor-icon-list-text\">5 min<\/span>\n\t\t\t\t\t\t\t\t\t<\/li>\n\t\t\t\t\t\t<\/ul>\n\t\t\t\t\t\t<\/div>\n\t\t\t\t<\/div>\n\t\t\t\t<div class=\"elementor-element elementor-element-6e251cf elementor-widget elementor-widget-spacer\" data-id=\"6e251cf\" data-element_type=\"widget\" data-e-type=\"widget\" data-widget_type=\"spacer.default\">\n\t\t\t\t<div class=\"elementor-widget-container\">\n\t\t\t\t\t\t\t<div class=\"elementor-spacer\">\n\t\t\t<div class=\"elementor-spacer-inner\"><\/div>\n\t\t<\/div>\n\t\t\t\t\t\t<\/div>\n\t\t\t\t<\/div>\n\t\t\t\t\t<\/div>\n\t\t<\/div>\n\t\t\t\t\t<\/div>\n\t\t<\/section>\n\t\t\t\t<section class=\"elementor-section elementor-top-section elementor-element elementor-element-67a30a3 elementor-section-boxed elementor-section-height-default elementor-section-height-default\" data-id=\"67a30a3\" data-element_type=\"section\" data-e-type=\"section\">\n\t\t\t\t\t\t<div class=\"elementor-container elementor-column-gap-default\">\n\t\t\t\t\t<div class=\"elementor-column elementor-col-100 elementor-top-column elementor-element elementor-element-ff0eaee\" data-id=\"ff0eaee\" data-element_type=\"column\" data-e-type=\"column\">\n\t\t\t<div class=\"elementor-widget-wrap elementor-element-populated\">\n\t\t\t\t\t\t<div class=\"elementor-element elementor-element-b551de3 elementor-widget elementor-widget-image\" data-id=\"b551de3\" data-element_type=\"widget\" data-e-type=\"widget\" data-widget_type=\"image.default\">\n\t\t\t\t<div class=\"elementor-widget-container\">\n\t\t\t\t\t\t\t\t\t\t\t\t\t\t\t<img fetchpriority=\"high\" decoding=\"async\" width=\"1024\" height=\"682\" src=\"https:\/\/www.chaireearth.org\/wp-content\/uploads\/2024\/09\/3ca3f4_c500dd90568e41af9e8d92e9ddba654cmv2-1024x682.webp\" class=\"attachment-large size-large wp-image-2049\" alt=\"\" srcset=\"https:\/\/www.chaireearth.org\/wp-content\/uploads\/2024\/09\/3ca3f4_c500dd90568e41af9e8d92e9ddba654cmv2-1024x682.webp 1024w, https:\/\/www.chaireearth.org\/wp-content\/uploads\/2024\/09\/3ca3f4_c500dd90568e41af9e8d92e9ddba654cmv2-300x200.webp 300w, https:\/\/www.chaireearth.org\/wp-content\/uploads\/2024\/09\/3ca3f4_c500dd90568e41af9e8d92e9ddba654cmv2-768x512.webp 768w, https:\/\/www.chaireearth.org\/wp-content\/uploads\/2024\/09\/3ca3f4_c500dd90568e41af9e8d92e9ddba654cmv2-18x12.webp 18w, https:\/\/www.chaireearth.org\/wp-content\/uploads\/2024\/09\/3ca3f4_c500dd90568e41af9e8d92e9ddba654cmv2.webp 1480w\" sizes=\"(max-width: 1024px) 100vw, 1024px\" \/>\t\t\t\t\t\t\t\t\t\t\t\t\t\t\t<\/div>\n\t\t\t\t<\/div>\n\t\t\t\t\t<\/div>\n\t\t<\/div>\n\t\t\t\t\t<\/div>\n\t\t<\/section>\n\t\t\t\t<section class=\"elementor-section elementor-top-section elementor-element elementor-element-c286243 elementor-section-boxed elementor-section-height-default elementor-section-height-default\" data-id=\"c286243\" data-element_type=\"section\" data-e-type=\"section\">\n\t\t\t\t\t\t<div class=\"elementor-container elementor-column-gap-default\">\n\t\t\t\t\t<div class=\"elementor-column elementor-col-100 elementor-top-column elementor-element elementor-element-b7b8218\" data-id=\"b7b8218\" data-element_type=\"column\" data-e-type=\"column\">\n\t\t\t<div class=\"elementor-widget-wrap elementor-element-populated\">\n\t\t\t\t\t\t<div class=\"elementor-element elementor-element-dc713eb elementor-widget elementor-widget-text-editor\" data-id=\"dc713eb\" data-element_type=\"widget\" data-e-type=\"widget\" data-widget_type=\"text-editor.default\">\n\t\t\t\t<div class=\"elementor-widget-container\">\n\t\t\t\t\t\t\t\t\t<div data-breakout=\"normal\"><p id=\"viewer-1uddw4055\" class=\"E0qnV MObmT V7zwv a144M\" dir=\"auto\"><em>Cr\u00e9dit image : Pixabay.<\/em><\/p><\/div>\t\t\t\t\t\t\t\t<\/div>\n\t\t\t\t<\/div>\n\t\t\t\t\t<\/div>\n\t\t<\/div>\n\t\t\t\t\t<\/div>\n\t\t<\/section>\n\t\t\t\t<section class=\"elementor-section elementor-top-section elementor-element elementor-element-ed77fbd elementor-section-boxed elementor-section-height-default elementor-section-height-default\" data-id=\"ed77fbd\" data-element_type=\"section\" data-e-type=\"section\">\n\t\t\t\t\t\t<div class=\"elementor-container elementor-column-gap-default\">\n\t\t\t\t\t<div class=\"elementor-column elementor-col-100 elementor-top-column elementor-element elementor-element-6de4209\" data-id=\"6de4209\" data-element_type=\"column\" data-e-type=\"column\">\n\t\t\t<div class=\"elementor-widget-wrap elementor-element-populated\">\n\t\t\t\t\t\t<div class=\"elementor-element elementor-element-c84bd88 elementor-widget elementor-widget-text-editor\" data-id=\"c84bd88\" data-element_type=\"widget\" data-e-type=\"widget\" data-widget_type=\"text-editor.default\">\n\t\t\t\t<div class=\"elementor-widget-container\">\n\t\t\t\t\t\t\t\t\t<div data-breakout=\"normal\"><div data-breakout=\"normal\"><div data-breakout=\"normal\"><p id=\"viewer-fsoyj491\" class=\"E0qnV MObmT Ms0q1 a144M\" dir=\"auto\"><span class=\"rpoEi\">Le lien entre d\u00e9r\u00e8glement du climat et multiplication des maladies infectieuses est <a class=\"Qwps1 _8zT4p\" href=\"https:\/\/www.pasteur.fr\/fr\/journal-recherche\/actualites\/climat-sante-point-epidemie-silencieuse\" target=\"_blank\" rel=\"noopener noreferrer\" data-hook=\"WebLink\"><u>connu de longue date<\/u><\/a> par la communaut\u00e9 m\u00e9dicale. La plupart des \u00e9tudes portant sur cette question se sont cependant concentr\u00e9es, en r\u00e8gle g\u00e9n\u00e9rale, sur un groupe sp\u00e9cifique de pathog\u00e8nes (bact\u00e9rie, virus, etc.) ou sur une forme de transmission particuli\u00e8re (alimentation, eau, transmission vectorielle&#8230;).<\/span><\/p><\/div><div data-breakout=\"normal\"><p id=\"viewer-1lzda18237\" class=\"E0qnV MObmT Ms0q1 a144M\" dir=\"auto\"><span class=\"rpoEi\">Camilo Mora, de l&rsquo;Universit\u00e9 d&rsquo;Hawa\u00ef, et ses coll\u00e8gues, ont cherch\u00e9 \u00e0 <a class=\"Qwps1 _8zT4p\" href=\"https:\/\/www.nature.com\/articles\/s41558-022-01426-1\" target=\"_blank\" rel=\"noopener noreferrer\" data-hook=\"WebLink\"><u>d\u00e9terminer plus pr\u00e9cis\u00e9ment<\/u><\/a> les effets du d\u00e9r\u00e8glement climatique sur l&rsquo;ensemble des maladies infectieuses connues. Pour ce faire, les auteurs ont proc\u00e9d\u00e9 \u00e0 la recension de plusieurs dizaines de milliers d&rsquo;articles scientifiques relatifs aux questions de sant\u00e9, parmi lesquels ils ont finalement retenu 830 publications li\u00e9es au climat.<\/span><\/p><\/div><div data-breakout=\"normal\"><p id=\"viewer-5j7fn28426\" class=\"E0qnV MObmT Ms0q1 a144M\" dir=\"auto\"><span class=\"rpoEi\">Ces diverses publications font \u00e9tat de 286 maladies infectieuses affect\u00e9es par le d\u00e9r\u00e8glement du climat. Parmi ces maladies, 277 sont aggrav\u00e9es par le r\u00e9chauffement climatique, soit 58% de l&rsquo;ensemble des maladies infectieuses r\u00e9pertori\u00e9es \u00e0 ce jour dans le monde.<\/span><\/p><\/div><\/div><\/div>\t\t\t\t\t\t\t\t<\/div>\n\t\t\t\t<\/div>\n\t\t\t\t\t<\/div>\n\t\t<\/div>\n\t\t\t\t\t<\/div>\n\t\t<\/section>\n\t\t\t\t<section class=\"elementor-section elementor-top-section elementor-element elementor-element-fc2d34e elementor-section-boxed elementor-section-height-default elementor-section-height-default\" data-id=\"fc2d34e\" data-element_type=\"section\" data-e-type=\"section\">\n\t\t\t\t\t\t<div class=\"elementor-container elementor-column-gap-default\">\n\t\t\t\t\t<div class=\"elementor-column elementor-col-100 elementor-top-column elementor-element elementor-element-1b04e46\" data-id=\"1b04e46\" data-element_type=\"column\" data-e-type=\"column\">\n\t\t\t<div class=\"elementor-widget-wrap elementor-element-populated\">\n\t\t\t\t\t\t<div class=\"elementor-element elementor-element-2aafe65 elementor-widget elementor-widget-image\" data-id=\"2aafe65\" data-element_type=\"widget\" data-e-type=\"widget\" data-widget_type=\"image.default\">\n\t\t\t\t<div class=\"elementor-widget-container\">\n\t\t\t\t\t\t\t\t\t\t\t\t\t\t\t<img decoding=\"async\" width=\"1024\" height=\"505\" src=\"https:\/\/www.chaireearth.org\/wp-content\/uploads\/2024\/09\/3ca3f4_95f01913779341178b0bfc1378fad7dfmv2-1024x505.webp\" class=\"attachment-large size-large wp-image-2048\" alt=\"\" srcset=\"https:\/\/www.chaireearth.org\/wp-content\/uploads\/2024\/09\/3ca3f4_95f01913779341178b0bfc1378fad7dfmv2-1024x505.webp 1024w, https:\/\/www.chaireearth.org\/wp-content\/uploads\/2024\/09\/3ca3f4_95f01913779341178b0bfc1378fad7dfmv2-300x148.webp 300w, https:\/\/www.chaireearth.org\/wp-content\/uploads\/2024\/09\/3ca3f4_95f01913779341178b0bfc1378fad7dfmv2-768x379.webp 768w, https:\/\/www.chaireearth.org\/wp-content\/uploads\/2024\/09\/3ca3f4_95f01913779341178b0bfc1378fad7dfmv2-18x9.webp 18w, https:\/\/www.chaireearth.org\/wp-content\/uploads\/2024\/09\/3ca3f4_95f01913779341178b0bfc1378fad7dfmv2.webp 1155w\" sizes=\"(max-width: 1024px) 100vw, 1024px\" \/>\t\t\t\t\t\t\t\t\t\t\t\t\t\t\t<\/div>\n\t\t\t\t<\/div>\n\t\t\t\t<div class=\"elementor-element elementor-element-3cef66a elementor-widget elementor-widget-text-editor\" data-id=\"3cef66a\" data-element_type=\"widget\" data-e-type=\"widget\" data-widget_type=\"text-editor.default\">\n\t\t\t\t<div class=\"elementor-widget-container\">\n\t\t\t\t\t\t\t\t\t<div data-breakout=\"normal\"><p id=\"viewer-kqun039833\" class=\"E0qnV MObmT V7zwv a144M\" dir=\"auto\"><em><span class=\"rpoEi\">Lien entre \u00e9v\u00e9nements climatiques et diffusion de diff\u00e9rents types de pathog\u00e8nes. Cr\u00e9dit image : Camilo Mora et al., 2022, Nature Climate Change.<\/span><\/em><\/p><\/div>\t\t\t\t\t\t\t\t<\/div>\n\t\t\t\t<\/div>\n\t\t\t\t\t<\/div>\n\t\t<\/div>\n\t\t\t\t\t<\/div>\n\t\t<\/section>\n\t\t\t\t<section class=\"elementor-section elementor-top-section elementor-element elementor-element-7ddf9b9 elementor-section-boxed elementor-section-height-default elementor-section-height-default\" data-id=\"7ddf9b9\" data-element_type=\"section\" data-e-type=\"section\">\n\t\t\t\t\t\t<div class=\"elementor-container elementor-column-gap-default\">\n\t\t\t\t\t<div class=\"elementor-column elementor-col-100 elementor-top-column elementor-element elementor-element-64256ba\" data-id=\"64256ba\" data-element_type=\"column\" data-e-type=\"column\">\n\t\t\t<div class=\"elementor-widget-wrap elementor-element-populated\">\n\t\t\t\t\t\t<div class=\"elementor-element elementor-element-71c3b4e elementor-widget elementor-widget-text-editor\" data-id=\"71c3b4e\" data-element_type=\"widget\" data-e-type=\"widget\" data-widget_type=\"text-editor.default\">\n\t\t\t\t<div class=\"elementor-widget-container\">\n\t\t\t\t\t\t\t\t\t<div data-breakout=\"normal\"><div data-breakout=\"normal\"><div data-breakout=\"normal\"><div data-breakout=\"normal\"><p id=\"viewer-ixjju492\" class=\"E0qnV MObmT Ms0q1 a144M\" dir=\"auto\"><span class=\"rpoEi\">Les auteurs de l&rsquo;\u00e9tude ont identifi\u00e9 quatre grands m\u00e9canismes par lesquels le r\u00e9chauffement climatique favorisait la diffusion des maladies infectieuses.<\/span><\/p><\/div><div data-breakout=\"normal\"><p id=\"viewer-5azpa47005\" class=\"E0qnV MObmT Ms0q1 a144M\" dir=\"auto\"><span class=\"rpoEi\">En premier lieu, le d\u00e9r\u00e8glement du climat contribue \u00e0 rapprocher les agents pathog\u00e8nes des personnes. La modification des temp\u00e9ratures et les \u00e9v\u00e9nements extr\u00eames (incendies, temp\u00eates, inondations\u2026) conduisent en effet de nombreuses esp\u00e8ces animales \u00e0 <a class=\"Qwps1 _8zT4p\" href=\"https:\/\/www.mnhn.fr\/fr\/quel-est-l-impact-du-changement-climatique-sur-les-animaux\" target=\"_blank\" rel=\"noopener noreferrer\" data-hook=\"WebLink\"><u>migrer pour s&rsquo;adapter<\/u><\/a> aux perturbations de leur habitat.<\/span><\/p><\/div><div data-breakout=\"normal\"><p id=\"viewer-1dxqf73279\" class=\"E0qnV MObmT Ms0q1 a144M\" dir=\"auto\"><span class=\"rpoEi\">Or, les d\u00e9placements sur de grandes distances de certains animaux sauvages comme les chauves-souris, les rongeurs et certains primates, sont \u00e0 l&rsquo;origine de la diffusion de nombreuses zoonoses (maladies transmises par les animaux), qui peuvent dans certains cas se transformer en \u00e9pid\u00e9mies, comme par exemple dans le cas du <a class=\"Qwps1 _8zT4p\" href=\"https:\/\/www.lepoint.fr\/afrique\/afrique-ebola-et-si-le-changement-climatique-l-encourageait-25-02-2015-1907736_3826.php\" target=\"_blank\" rel=\"noopener noreferrer\" data-hook=\"WebLink\"><u>virus Ebola<\/u><\/a> ou du Syndrome respiratoire aigu s\u00e9v\u00e8re (Sras).<\/span><\/p><\/div><div data-breakout=\"normal\"><p id=\"viewer-o8gpa73145\" class=\"E0qnV MObmT Ms0q1 a144M\" dir=\"auto\"><span class=\"rpoEi\">Certaines esp\u00e8ces vectrices, qui diffusent les infections en transportant les agents pathog\u00e8nes d&rsquo;un h\u00f4te \u00e0 l&rsquo;autre, voient \u00e9galement leur habitat s&rsquo;agrandir avec le r\u00e9chauffement des temp\u00e9ratures. Ainsi par exemple des moustiques, des puces ou des tiques, dont la multiplication contribue \u00e0 l&rsquo;essor du <a class=\"Qwps1 _8zT4p\" href=\"https:\/\/www.liberation.fr\/societe\/sante\/climat-la-france-pourrait-connaitre-des-flambees-de-dengue-zika-et-chikungunya-au-cours-des-prochains-etes-20230405_3JA6FQRBBBAR7DBI5HP77SOQCE\/\" target=\"_blank\" rel=\"noopener noreferrer\" data-hook=\"WebLink\"><u>virus Zika<\/u><\/a>, du paludisme ou encore de la <a class=\"Qwps1 _8zT4p\" href=\"https:\/\/www.ouest-france.fr\/sante\/le-rechauffement-climatique-favorise-lexpansion-des-maladies-portees-par-les-tiques-en-europe-a5303acc-3067-11ee-88f0-37c5cf28e831#:~:text=Selon%20Sant%C3%A9%20publique%20France%20(SPF,des%20fluctuations%20suivant%20les%20ann%C3%A9es.\" target=\"_blank\" rel=\"noopener noreferrer\" data-hook=\"WebLink\"><u>maladie de Lyme<\/u><\/a>.<\/span><\/p><\/div><\/div><\/div><\/div>\t\t\t\t\t\t\t\t<\/div>\n\t\t\t\t<\/div>\n\t\t\t\t\t<\/div>\n\t\t<\/div>\n\t\t\t\t\t<\/div>\n\t\t<\/section>\n\t\t\t\t<section class=\"elementor-section elementor-top-section elementor-element elementor-element-72341e9 elementor-section-boxed elementor-section-height-default elementor-section-height-default\" data-id=\"72341e9\" data-element_type=\"section\" data-e-type=\"section\">\n\t\t\t\t\t\t<div class=\"elementor-container elementor-column-gap-default\">\n\t\t\t\t\t<div class=\"elementor-column elementor-col-100 elementor-top-column elementor-element elementor-element-a3f0f05\" data-id=\"a3f0f05\" data-element_type=\"column\" data-e-type=\"column\">\n\t\t\t<div class=\"elementor-widget-wrap elementor-element-populated\">\n\t\t\t\t\t\t<div class=\"elementor-element elementor-element-466b2b2 elementor-widget elementor-widget-image\" data-id=\"466b2b2\" data-element_type=\"widget\" data-e-type=\"widget\" data-widget_type=\"image.default\">\n\t\t\t\t<div class=\"elementor-widget-container\">\n\t\t\t\t\t\t\t\t\t\t\t\t\t\t\t<img decoding=\"async\" width=\"1024\" height=\"682\" src=\"https:\/\/www.chaireearth.org\/wp-content\/uploads\/2024\/09\/3ca3f4_4b417669bd784647b58398729f34a6d6mv2-1024x682.webp\" class=\"attachment-large size-large wp-image-2047\" alt=\"\" srcset=\"https:\/\/www.chaireearth.org\/wp-content\/uploads\/2024\/09\/3ca3f4_4b417669bd784647b58398729f34a6d6mv2-1024x682.webp 1024w, https:\/\/www.chaireearth.org\/wp-content\/uploads\/2024\/09\/3ca3f4_4b417669bd784647b58398729f34a6d6mv2-300x200.webp 300w, https:\/\/www.chaireearth.org\/wp-content\/uploads\/2024\/09\/3ca3f4_4b417669bd784647b58398729f34a6d6mv2-768x512.webp 768w, https:\/\/www.chaireearth.org\/wp-content\/uploads\/2024\/09\/3ca3f4_4b417669bd784647b58398729f34a6d6mv2-18x12.webp 18w, https:\/\/www.chaireearth.org\/wp-content\/uploads\/2024\/09\/3ca3f4_4b417669bd784647b58398729f34a6d6mv2.webp 1480w\" sizes=\"(max-width: 1024px) 100vw, 1024px\" \/>\t\t\t\t\t\t\t\t\t\t\t\t\t\t\t<\/div>\n\t\t\t\t<\/div>\n\t\t\t\t<div class=\"elementor-element elementor-element-0ee8e54 elementor-widget elementor-widget-text-editor\" data-id=\"0ee8e54\" data-element_type=\"widget\" data-e-type=\"widget\" data-widget_type=\"text-editor.default\">\n\t\t\t\t<div class=\"elementor-widget-container\">\n\t\t\t\t\t\t\t\t\t<p><em>La p\u00e9riode d&rsquo;activit\u00e9 et l&rsquo;extension g\u00e9ographique de la tique, vecteur de nombreux pathog\u00e8nes comme la maladie de Lyme, ont significativement augment\u00e9 en France ces derni\u00e8res ann\u00e9es sous l&rsquo;effet du r\u00e9chauffement des temp\u00e9ratures. Source photographie : Pixabay.<\/em><\/p>\t\t\t\t\t\t\t\t<\/div>\n\t\t\t\t<\/div>\n\t\t\t\t\t<\/div>\n\t\t<\/div>\n\t\t\t\t\t<\/div>\n\t\t<\/section>\n\t\t\t\t<section class=\"elementor-section elementor-top-section elementor-element elementor-element-904ddae elementor-section-boxed elementor-section-height-default elementor-section-height-default\" data-id=\"904ddae\" data-element_type=\"section\" data-e-type=\"section\">\n\t\t\t\t\t\t<div class=\"elementor-container elementor-column-gap-default\">\n\t\t\t\t\t<div class=\"elementor-column elementor-col-100 elementor-top-column elementor-element elementor-element-642013c\" data-id=\"642013c\" data-element_type=\"column\" data-e-type=\"column\">\n\t\t\t<div class=\"elementor-widget-wrap elementor-element-populated\">\n\t\t\t\t\t\t<div class=\"elementor-element elementor-element-aef2eeb elementor-widget elementor-widget-text-editor\" data-id=\"aef2eeb\" data-element_type=\"widget\" data-e-type=\"widget\" data-widget_type=\"text-editor.default\">\n\t\t\t\t<div class=\"elementor-widget-container\">\n\t\t\t\t\t\t\t\t\t<div data-breakout=\"normal\"><div data-breakout=\"normal\"><div data-breakout=\"normal\"><div data-breakout=\"normal\"><p id=\"viewer-2f4p6176115\" class=\"E0qnV MObmT G3Wrx a144M\" dir=\"auto\">Les s\u00e9cheresses peuvent quant \u00e0 elles favoriser la concentration de moustiques et d&rsquo;oiseaux autour des points d&rsquo;eau restants, ce qui facilite la transmission des virus. Les inondations et les temp\u00eates provoquent \u00e9galement de fa\u00e7on r\u00e9guli\u00e8re des d\u00e9bordement des eaux us\u00e9es et provoquent ainsi la transmission de nombreuses maladies. La fonte des glaces et du perg\u00e9lisol seraient enfin susceptibles de lib\u00e9rer des <a class=\"Qwps1 _8zT4p\" href=\"https:\/\/www.bibliotheque-du-climat.fr\/post\/une-menace-a-venir-en-provenance-du-passe\" target=\"_blank\" rel=\"noopener noreferrer\" data-hook=\"WebLink\"><u>pathog\u00e8nes tr\u00e8s anciens<\/u><\/a>, face auxquels le corps humain ne dispose plus de d\u00e9fenses immunitaires efficaces.<\/p><\/div><\/div><\/div><\/div>\t\t\t\t\t\t\t\t<\/div>\n\t\t\t\t<\/div>\n\t\t\t\t\t<\/div>\n\t\t<\/div>\n\t\t\t\t\t<\/div>\n\t\t<\/section>\n\t\t\t\t<section class=\"elementor-section elementor-top-section elementor-element elementor-element-3135e56 elementor-section-boxed elementor-section-height-default elementor-section-height-default\" data-id=\"3135e56\" data-element_type=\"section\" data-e-type=\"section\">\n\t\t\t\t\t\t<div class=\"elementor-container elementor-column-gap-default\">\n\t\t\t\t\t<div class=\"elementor-column elementor-col-100 elementor-top-column elementor-element elementor-element-0cb1c47\" data-id=\"0cb1c47\" data-element_type=\"column\" data-e-type=\"column\">\n\t\t\t<div class=\"elementor-widget-wrap elementor-element-populated\">\n\t\t\t\t\t\t<div class=\"elementor-element elementor-element-4e659ee elementor-widget elementor-widget-image\" data-id=\"4e659ee\" data-element_type=\"widget\" data-e-type=\"widget\" data-widget_type=\"image.default\">\n\t\t\t\t<div class=\"elementor-widget-container\">\n\t\t\t\t\t\t\t\t\t\t\t\t\t\t\t<img loading=\"lazy\" decoding=\"async\" width=\"1024\" height=\"768\" src=\"https:\/\/www.chaireearth.org\/wp-content\/uploads\/2024\/09\/3ca3f4_62effce4309d48a78e14a50978b337e6mv2-1024x768.webp\" class=\"attachment-large size-large wp-image-2046\" alt=\"\" srcset=\"https:\/\/www.chaireearth.org\/wp-content\/uploads\/2024\/09\/3ca3f4_62effce4309d48a78e14a50978b337e6mv2-1024x768.webp 1024w, https:\/\/www.chaireearth.org\/wp-content\/uploads\/2024\/09\/3ca3f4_62effce4309d48a78e14a50978b337e6mv2-300x225.webp 300w, https:\/\/www.chaireearth.org\/wp-content\/uploads\/2024\/09\/3ca3f4_62effce4309d48a78e14a50978b337e6mv2-768x576.webp 768w, https:\/\/www.chaireearth.org\/wp-content\/uploads\/2024\/09\/3ca3f4_62effce4309d48a78e14a50978b337e6mv2-16x12.webp 16w, https:\/\/www.chaireearth.org\/wp-content\/uploads\/2024\/09\/3ca3f4_62effce4309d48a78e14a50978b337e6mv2.webp 1200w\" sizes=\"(max-width: 1024px) 100vw, 1024px\" \/>\t\t\t\t\t\t\t\t\t\t\t\t\t\t\t<\/div>\n\t\t\t\t<\/div>\n\t\t\t\t<div class=\"elementor-element elementor-element-7bbd967 elementor-widget elementor-widget-text-editor\" data-id=\"7bbd967\" data-element_type=\"widget\" data-e-type=\"widget\" data-widget_type=\"text-editor.default\">\n\t\t\t\t<div class=\"elementor-widget-container\">\n\t\t\t\t\t\t\t\t\t<p><em>Inondation de la Nouvelle Orl\u00e9ans \u00e0 la suite du passage de l&rsquo;Ouragan Katrina en 2005. Cr\u00e9dit photographie : NOAA.<\/em><\/p>\t\t\t\t\t\t\t\t<\/div>\n\t\t\t\t<\/div>\n\t\t\t\t\t<\/div>\n\t\t<\/div>\n\t\t\t\t\t<\/div>\n\t\t<\/section>\n\t\t\t\t<section class=\"elementor-section elementor-top-section elementor-element elementor-element-2131f8b elementor-section-boxed elementor-section-height-default elementor-section-height-default\" data-id=\"2131f8b\" data-element_type=\"section\" data-e-type=\"section\">\n\t\t\t\t\t\t<div class=\"elementor-container elementor-column-gap-default\">\n\t\t\t\t\t<div class=\"elementor-column elementor-col-100 elementor-top-column elementor-element elementor-element-8361ff7\" data-id=\"8361ff7\" data-element_type=\"column\" data-e-type=\"column\">\n\t\t\t<div class=\"elementor-widget-wrap elementor-element-populated\">\n\t\t\t\t\t\t<div class=\"elementor-element elementor-element-e4c3868 elementor-widget elementor-widget-text-editor\" data-id=\"e4c3868\" data-element_type=\"widget\" data-e-type=\"widget\" data-widget_type=\"text-editor.default\">\n\t\t\t\t<div class=\"elementor-widget-container\">\n\t\t\t\t\t\t\t\t\t<div data-breakout=\"normal\"><div data-breakout=\"normal\"><div data-breakout=\"normal\"><div data-breakout=\"normal\"><div data-breakout=\"normal\"><p id=\"viewer-ulfam150400\" class=\"E0qnV MObmT Ms0q1 a144M\" dir=\"auto\"><span class=\"rpoEi\">Le d\u00e9r\u00e8glement du climat est \u00e9galement susceptible de rapprocher les individus des agents pathog\u00e8nes. Il s&rsquo;agit l\u00e0 du second facteur de propagation des maladies infectieuses identifi\u00e9 par les auteurs.<\/span><\/p><\/div><div data-breakout=\"normal\"><p id=\"viewer-1yzhd546625\" class=\"E0qnV MObmT Ms0q1 a144M\" dir=\"auto\"><span class=\"rpoEi\">Les vagues de chaleur favorisent par exemple les activit\u00e9s r\u00e9cr\u00e9atives aquatiques et impliquent souvent le tarissement des sources d&rsquo;eau potable. Elles sont donc associ\u00e9es \u00e0 une augmentation des cas de <a class=\"Qwps1 _8zT4p\" href=\"https:\/\/www.lemonde.fr\/afrique\/article\/2024\/01\/29\/le-changement-climatique-fait-flamber-le-cholera-en-afrique_6213704_3212.html#:~:text=%C2%AB%20Transformation%20de%20l'environnement%20%C2%BB,acc%C3%A8s%20%C3%A0%20l'eau%20potable.\" target=\"_blank\" rel=\"noopener noreferrer\" data-hook=\"WebLink\"><u>maladies d&rsquo;origine hydrique<\/u><\/a> (chol\u00e9ra, M\u00e9ningoenc\u00e9phalite amibienne primitive, gastro-ent\u00e9rite&#8230;). Les d\u00e9placements importants de population r\u00e9sultant des temp\u00eates ou des inondations sont \u00e9galement favorables \u00e0 la transmission de diverses pathologies.<\/span><\/p><\/div><div data-breakout=\"normal\"><p id=\"viewer-f0g3q203044\" class=\"E0qnV MObmT Ms0q1 a144M\" dir=\"auto\"><span class=\"rpoEi\">La modification du climat est en troisi\u00e8me lieu responsable du renforcement de certains pathog\u00e8nes. Divers m\u00e9canismes peuvent contribuer \u00e0 un tel renforcement : am\u00e9lioration des conditions de reproduction, acc\u00e9l\u00e9ration du cycle de vie, augmentation des dur\u00e9es d&rsquo;exposition probables, intensification de la virulence&#8230;<\/span><\/p><\/div><div data-breakout=\"normal\"><p id=\"viewer-6hj02226453\" class=\"E0qnV MObmT Ms0q1 a144M\" dir=\"auto\"><span class=\"rpoEi\">Par exemple, le r\u00e9chauffement de l&rsquo;oc\u00e9an a acc\u00e9l\u00e9r\u00e9 la prolif\u00e9ration de diverses algues nocives comme les <em>Pseudo-nitzschia<\/em>. Certaines esp\u00e8ces de cette algue produisent de l&rsquo;acide domo\u00efque, une neurotoxine responsable d&rsquo;intoxications alimentaires graves en cas d&rsquo;ingestion de coquillages infect\u00e9s. Les sympt\u00f4mes incluent notamment des pertes de m\u00e9moire, une d\u00e9sorientation importante et un affaiblissement musculaire. <\/span><\/p><\/div><\/div><\/div><\/div><\/div>\t\t\t\t\t\t\t\t<\/div>\n\t\t\t\t<\/div>\n\t\t\t\t\t<\/div>\n\t\t<\/div>\n\t\t\t\t\t<\/div>\n\t\t<\/section>\n\t\t\t\t<section class=\"elementor-section elementor-top-section elementor-element elementor-element-b989ef9 elementor-section-boxed elementor-section-height-default elementor-section-height-default\" data-id=\"b989ef9\" data-element_type=\"section\" data-e-type=\"section\">\n\t\t\t\t\t\t<div class=\"elementor-container elementor-column-gap-default\">\n\t\t\t\t\t<div class=\"elementor-column elementor-col-100 elementor-top-column elementor-element elementor-element-a5b7ef1\" data-id=\"a5b7ef1\" data-element_type=\"column\" data-e-type=\"column\">\n\t\t\t<div class=\"elementor-widget-wrap elementor-element-populated\">\n\t\t\t\t\t\t<div class=\"elementor-element elementor-element-b987194 elementor-widget elementor-widget-image\" data-id=\"b987194\" data-element_type=\"widget\" data-e-type=\"widget\" data-widget_type=\"image.default\">\n\t\t\t\t<div class=\"elementor-widget-container\">\n\t\t\t\t\t\t\t\t\t\t\t\t\t\t\t<img loading=\"lazy\" decoding=\"async\" width=\"618\" height=\"618\" src=\"https:\/\/www.chaireearth.org\/wp-content\/uploads\/2024\/09\/3ca3f4_414cd71dd9e6420582356980fdee75d0mv2.webp\" class=\"attachment-large size-large wp-image-2045\" alt=\"\" srcset=\"https:\/\/www.chaireearth.org\/wp-content\/uploads\/2024\/09\/3ca3f4_414cd71dd9e6420582356980fdee75d0mv2.webp 618w, https:\/\/www.chaireearth.org\/wp-content\/uploads\/2024\/09\/3ca3f4_414cd71dd9e6420582356980fdee75d0mv2-300x300.webp 300w, https:\/\/www.chaireearth.org\/wp-content\/uploads\/2024\/09\/3ca3f4_414cd71dd9e6420582356980fdee75d0mv2-150x150.webp 150w, https:\/\/www.chaireearth.org\/wp-content\/uploads\/2024\/09\/3ca3f4_414cd71dd9e6420582356980fdee75d0mv2-12x12.webp 12w\" sizes=\"(max-width: 618px) 100vw, 618px\" \/>\t\t\t\t\t\t\t\t\t\t\t\t\t\t\t<\/div>\n\t\t\t\t<\/div>\n\t\t\t\t<div class=\"elementor-element elementor-element-2411f07 elementor-widget elementor-widget-text-editor\" data-id=\"2411f07\" data-element_type=\"widget\" data-e-type=\"widget\" data-widget_type=\"text-editor.default\">\n\t\t\t\t<div class=\"elementor-widget-container\">\n\t\t\t\t\t\t\t\t\t<div data-breakout=\"normal\"><p id=\"viewer-l94ea324386\" class=\"E0qnV MObmT V7zwv a144M\" dir=\"auto\"><em><span class=\"rpoEi\">L&rsquo;algue <\/span><\/em><span class=\"rpoEi\">Pseudo-nitzschia<\/span><em><span class=\"rpoEi\">, \u00e0 l&rsquo;origine d&rsquo;intoxications alimentaires graves. Cr\u00e9dit photographie : U.S. National Office for Harmful Algal Blooms.<\/span><\/em><\/p><\/div>\t\t\t\t\t\t\t\t<\/div>\n\t\t\t\t<\/div>\n\t\t\t\t\t<\/div>\n\t\t<\/div>\n\t\t\t\t\t<\/div>\n\t\t<\/section>\n\t\t\t\t<section class=\"elementor-section elementor-top-section elementor-element elementor-element-fc765f9 elementor-section-boxed elementor-section-height-default elementor-section-height-default\" data-id=\"fc765f9\" data-element_type=\"section\" data-e-type=\"section\">\n\t\t\t\t\t\t<div class=\"elementor-container elementor-column-gap-default\">\n\t\t\t\t\t<div class=\"elementor-column elementor-col-100 elementor-top-column elementor-element elementor-element-1a1eb38\" data-id=\"1a1eb38\" data-element_type=\"column\" data-e-type=\"column\">\n\t\t\t<div class=\"elementor-widget-wrap elementor-element-populated\">\n\t\t\t\t\t\t<div class=\"elementor-element elementor-element-0aa887d elementor-widget elementor-widget-text-editor\" data-id=\"0aa887d\" data-element_type=\"widget\" data-e-type=\"widget\" data-widget_type=\"text-editor.default\">\n\t\t\t\t<div class=\"elementor-widget-container\">\n\t\t\t\t\t\t\t\t\t<div data-breakout=\"normal\"><div data-breakout=\"normal\"><div data-breakout=\"normal\"><div data-breakout=\"normal\"><div data-breakout=\"normal\"><div data-breakout=\"normal\"><p id=\"viewer-z6adw254484\" class=\"E0qnV MObmT Ms0q1 a144M\" dir=\"auto\"><span class=\"rpoEi\">Les vagues de chaleur sont quant \u00e0 elles favorables \u00e0 la transmission, \u00e0 la p\u00e9n\u00e9tration et \u00e0 la survie des bact\u00e9ries Vibrio, bacilles souvent toxiques qui sont par exemple \u00e0 l&rsquo;origine du chol\u00e9ra et de diverses infections digestives.<\/span><\/p><\/div><div data-breakout=\"normal\"><p id=\"viewer-lm3ho278062\" class=\"E0qnV MObmT Ms0q1 a144M\" dir=\"auto\"><span class=\"rpoEi\">Enfin, le d\u00e9r\u00e8glement du climat favorise la diffusion des maladies infectieuses en contribuant \u00e0 l&rsquo;affaiblissement du corps humain. Certains \u00e9pisodes climatiques extr\u00eames alt\u00e8rent la condition physique (ainsi des <a class=\"Qwps1 _8zT4p\" href=\"https:\/\/www.bibliotheque-du-climat.fr\/post\/rechauffement-climatique-et-temperatures-annuelles-extremes\" target=\"_blank\" rel=\"noopener noreferrer\" data-hook=\"WebLink\"><u>vagues de chaleur<\/u><\/a> qui peuvent provoquer une surmortalit\u00e9 et une morbidit\u00e9 importantes), peuvent contraindre les individus \u00e0 vivre dans des conditions insalubres, et r\u00e9duire l&rsquo;acc\u00e8s aux soins m\u00e9dicaux en <a class=\"Qwps1 _8zT4p\" href=\"https:\/\/www.20minutes.fr\/monde\/2315583-20180731-inde-poissons-nagent-couloirs-hopital-cause-mousson\" target=\"_blank\" rel=\"noopener noreferrer\" data-hook=\"WebLink\"><u>endommageant les infrastructures<\/u><\/a> ou en perturbant les cha\u00eenes d&rsquo;approvisionnement.<\/span><\/p><\/div><div data-breakout=\"normal\"><p id=\"viewer-0j2ez314831\" class=\"E0qnV MObmT Ms0q1 a144M\" dir=\"auto\"><span class=\"rpoEi\">Plus g\u00e9n\u00e9ralement, <a class=\"Qwps1 _8zT4p\" href=\"https:\/\/reporterre.net\/Les-famines-liees-au-changement-climatique-se-multiplient-dans-le-monde\" target=\"_blank\" rel=\"noopener noreferrer\" data-hook=\"WebLink\"><u>la malnutrition et les famines<\/u><\/a> qui peuvent r\u00e9sulter des pertes agricoles li\u00e9es aux s\u00e9cheresses ou aux inondations affaiblissent les d\u00e9fenses immunitaires des individus.<\/span><\/p><\/div><div data-breakout=\"normal\"><p id=\"viewer-avgcj338114\" class=\"E0qnV MObmT Ms0q1 a144M\" dir=\"auto\"><span class=\"rpoEi\">La modification du climat est certes susceptible de faire reculer certaines pathologies. Les auteurs de l&rsquo;\u00e9tude soulignent cependant que tel n&rsquo;est le cas que pour 3% des maladies connues. Ces r\u00e9sultats sugg\u00e8rent donc une grande vuln\u00e9rabilit\u00e9 des soci\u00e9t\u00e9s humaines face aux cons\u00e9quences sanitaires du d\u00e9r\u00e8glement climatique.<\/span><\/p><\/div><div data-breakout=\"normal\"><p id=\"viewer-x5lcp369629\" class=\"E0qnV MObmT Ms0q1 a144M\" dir=\"auto\"><span class=\"rpoEi\">La d\u00e9multiplication des pathologies sous l&rsquo;effet du r\u00e9chauffement climatique repr\u00e9sente une menace d&rsquo;autant plus importante que l&rsquo;intensification des \u00e9changes et des d\u00e9placements de population sous l&rsquo;effet de la mondialisation peut favoriser l&rsquo;\u00e9mergence de pand\u00e9mies d&rsquo;\u00e9chelle mondiale dans les cas les plus graves, comme l&rsquo;a illustr\u00e9 la crise du COVID-19.<\/span><\/p><\/div><div data-breakout=\"normal\"><p id=\"viewer-5n9jn400059\" class=\"E0qnV MObmT Ms0q1 a144M\" dir=\"auto\"><span class=\"rpoEi\">Il semble par cons\u00e9quent indispensable que les mesures d&rsquo;adaptation pr\u00e9vues \u00e0 l&rsquo;\u00e9chelle nationale prennent mieux en compte la dimension sanitaire du d\u00e9r\u00e8glement climatique. Ces risques sont susceptible de varier grandement en fonction des r\u00e9gions. Il revient par cons\u00e9quent \u00e0 chaque Etat de d\u00e9velopper de strat\u00e9gies de protection sp\u00e9cifiques contre les menaces sanitaires d\u00e9coulant du r\u00e9chauffement climatique. <\/span><\/p><\/div><\/div><\/div><\/div><\/div><\/div>\t\t\t\t\t\t\t\t<\/div>\n\t\t\t\t<\/div>\n\t\t\t\t\t<\/div>\n\t\t<\/div>\n\t\t\t\t\t<\/div>\n\t\t<\/section>\n\t\t\t\t<section class=\"elementor-section elementor-top-section elementor-element elementor-element-783da55 elementor-section-boxed elementor-section-height-default elementor-section-height-default\" data-id=\"783da55\" data-element_type=\"section\" data-e-type=\"section\">\n\t\t\t\t\t\t<div class=\"elementor-container elementor-column-gap-default\">\n\t\t\t\t\t<div class=\"elementor-column elementor-col-100 elementor-top-column elementor-element elementor-element-fea0d2c\" data-id=\"fea0d2c\" data-element_type=\"column\" data-e-type=\"column\">\n\t\t\t<div class=\"elementor-widget-wrap elementor-element-populated\">\n\t\t\t\t\t\t<div class=\"elementor-element elementor-element-d6b1eea elementor-widget-divider--view-line elementor-widget elementor-widget-divider\" data-id=\"d6b1eea\" data-element_type=\"widget\" data-e-type=\"widget\" data-widget_type=\"divider.default\">\n\t\t\t\t<div class=\"elementor-widget-container\">\n\t\t\t\t\t\t\t<div class=\"elementor-divider\">\n\t\t\t<span class=\"elementor-divider-separator\">\n\t\t\t\t\t\t<\/span>\n\t\t<\/div>\n\t\t\t\t\t\t<\/div>\n\t\t\t\t<\/div>\n\t\t\t\t<div class=\"elementor-element elementor-element-00307a5 elementor-widget elementor-widget-heading\" data-id=\"00307a5\" data-element_type=\"widget\" data-e-type=\"widget\" data-widget_type=\"heading.default\">\n\t\t\t\t<div class=\"elementor-widget-container\">\n\t\t\t\t\t<h2 class=\"elementor-heading-title elementor-size-default\">Posts r\u00e9cents<\/h2>\t\t\t\t<\/div>\n\t\t\t\t<\/div>\n\t\t\t\t<div class=\"elementor-element elementor-element-91a2548 elementor-widget-divider--view-line elementor-widget elementor-widget-divider\" data-id=\"91a2548\" data-element_type=\"widget\" data-e-type=\"widget\" data-widget_type=\"divider.default\">\n\t\t\t\t<div class=\"elementor-widget-container\">\n\t\t\t\t\t\t\t<div class=\"elementor-divider\">\n\t\t\t<span class=\"elementor-divider-separator\">\n\t\t\t\t\t\t<\/span>\n\t\t<\/div>\n\t\t\t\t\t\t<\/div>\n\t\t\t\t<\/div>\n\t\t\t\t<div class=\"elementor-element elementor-element-303e594 elementor-posts--align-left elementor-grid-3 elementor-grid-tablet-2 elementor-grid-mobile-1 elementor-posts--thumbnail-top elementor-card-shadow-yes elementor-posts__hover-gradient elementor-widget elementor-widget-posts\" data-id=\"303e594\" data-element_type=\"widget\" data-e-type=\"widget\" data-settings=\"{&quot;cards_row_gap&quot;:{&quot;unit&quot;:&quot;px&quot;,&quot;size&quot;:29,&quot;sizes&quot;:[]},&quot;cards_columns&quot;:&quot;3&quot;,&quot;cards_columns_tablet&quot;:&quot;2&quot;,&quot;cards_columns_mobile&quot;:&quot;1&quot;,&quot;cards_row_gap_tablet&quot;:{&quot;unit&quot;:&quot;px&quot;,&quot;size&quot;:&quot;&quot;,&quot;sizes&quot;:[]},&quot;cards_row_gap_mobile&quot;:{&quot;unit&quot;:&quot;px&quot;,&quot;size&quot;:&quot;&quot;,&quot;sizes&quot;:[]}}\" data-widget_type=\"posts.cards\">\n\t\t\t\t<div class=\"elementor-widget-container\">\n\t\t\t\t\t\t\t<div class=\"elementor-posts-container elementor-posts elementor-posts--skin-cards elementor-grid\" role=\"list\">\n\t\t\t\t<article class=\"elementor-post elementor-grid-item post-2090 post type-post status-publish format-standard has-post-thumbnail hentry category-systeme-terre category-vivant\" role=\"listitem\">\n\t\t\t<div class=\"elementor-post__card\">\n\t\t\t\t<a class=\"elementor-post__thumbnail__link\" href=\"https:\/\/www.chaireearth.org\/en\/dereglement-climatique-et-micro-organismes\/\" tabindex=\"-1\" ><div class=\"elementor-post__thumbnail\"><img loading=\"lazy\" decoding=\"async\" width=\"300\" height=\"179\" src=\"https:\/\/www.chaireearth.org\/wp-content\/uploads\/2024\/09\/3ca3f4_73486103a4434c91a786b2f431906c89mv2-300x179.webp\" class=\"attachment-medium size-medium wp-image-2085\" alt=\"\" srcset=\"https:\/\/www.chaireearth.org\/wp-content\/uploads\/2024\/09\/3ca3f4_73486103a4434c91a786b2f431906c89mv2-300x179.webp 300w, https:\/\/www.chaireearth.org\/wp-content\/uploads\/2024\/09\/3ca3f4_73486103a4434c91a786b2f431906c89mv2-768x458.webp 768w, https:\/\/www.chaireearth.org\/wp-content\/uploads\/2024\/09\/3ca3f4_73486103a4434c91a786b2f431906c89mv2-18x12.webp 18w, https:\/\/www.chaireearth.org\/wp-content\/uploads\/2024\/09\/3ca3f4_73486103a4434c91a786b2f431906c89mv2.webp 1006w\" sizes=\"(max-width: 300px) 100vw, 300px\" \/><\/div><\/a>\n\t\t\t\t<div class=\"elementor-post__badge\">Syst\u00e8me Terre<\/div>\n\t\t\t\t<div class=\"elementor-post__text\">\n\t\t\t\t<h3 class=\"elementor-post__title\">\n\t\t\t<a href=\"https:\/\/www.chaireearth.org\/en\/dereglement-climatique-et-micro-organismes\/\" >\n\t\t\t\tD\u00e9r\u00e8glement climatique et micro-organismes\t\t\t<\/a>\n\t\t<\/h3>\n\t\t\n\t\t<a class=\"elementor-post__read-more\" href=\"https:\/\/www.chaireearth.org\/en\/dereglement-climatique-et-micro-organismes\/\" aria-label=\"Read more about D\u00e9r\u00e8glement climatique et micro-organismes\" tabindex=\"-1\" >\n\t\t\tLire le post \u00bb\t\t<\/a>\n\n\t\t\t\t<\/div>\n\t\t\t\t<div class=\"elementor-post__meta-data\">\n\t\t\t\t\t<span class=\"elementor-post-date\">\n\t\t\t22\/09\/2024\t\t<\/span>\n\t\t\t\t<\/div>\n\t\t\t\t\t<\/div>\n\t\t<\/article>\n\t\t\t\t<article class=\"elementor-post elementor-grid-item post-2075 post type-post status-publish format-standard has-post-thumbnail hentry category-systeme-terre category-vivant\" role=\"listitem\">\n\t\t\t<div class=\"elementor-post__card\">\n\t\t\t\t<a class=\"elementor-post__thumbnail__link\" href=\"https:\/\/www.chaireearth.org\/en\/vers-un-basculement-biologique-a-lechelle-du-globe\/\" tabindex=\"-1\" ><div class=\"elementor-post__thumbnail\"><img loading=\"lazy\" decoding=\"async\" width=\"300\" height=\"169\" src=\"https:\/\/www.chaireearth.org\/wp-content\/uploads\/2024\/09\/3ca3f4_fbeb56552b8244ec9007847ff65b51dbmv2-300x169.webp\" class=\"attachment-medium size-medium wp-image-2080\" alt=\"\" srcset=\"https:\/\/www.chaireearth.org\/wp-content\/uploads\/2024\/09\/3ca3f4_fbeb56552b8244ec9007847ff65b51dbmv2-300x169.webp 300w, https:\/\/www.chaireearth.org\/wp-content\/uploads\/2024\/09\/3ca3f4_fbeb56552b8244ec9007847ff65b51dbmv2-768x432.webp 768w, https:\/\/www.chaireearth.org\/wp-content\/uploads\/2024\/09\/3ca3f4_fbeb56552b8244ec9007847ff65b51dbmv2-18x10.webp 18w, https:\/\/www.chaireearth.org\/wp-content\/uploads\/2024\/09\/3ca3f4_fbeb56552b8244ec9007847ff65b51dbmv2.webp 960w\" sizes=\"(max-width: 300px) 100vw, 300px\" \/><\/div><\/a>\n\t\t\t\t<div class=\"elementor-post__badge\">Syst\u00e8me Terre<\/div>\n\t\t\t\t<div class=\"elementor-post__text\">\n\t\t\t\t<h3 class=\"elementor-post__title\">\n\t\t\t<a href=\"https:\/\/www.chaireearth.org\/en\/vers-un-basculement-biologique-a-lechelle-du-globe\/\" >\n\t\t\t\tVers un basculement biologique \u00e0 l&rsquo;\u00e9chelle du globe\t\t\t<\/a>\n\t\t<\/h3>\n\t\t\n\t\t<a class=\"elementor-post__read-more\" href=\"https:\/\/www.chaireearth.org\/en\/vers-un-basculement-biologique-a-lechelle-du-globe\/\" aria-label=\"Read more about Vers un basculement biologique \u00e0 l&rsquo;\u00e9chelle du globe\" tabindex=\"-1\" >\n\t\t\tLire le post \u00bb\t\t<\/a>\n\n\t\t\t\t<\/div>\n\t\t\t\t<div class=\"elementor-post__meta-data\">\n\t\t\t\t\t<span class=\"elementor-post-date\">\n\t\t\t22\/09\/2024\t\t<\/span>\n\t\t\t\t<\/div>\n\t\t\t\t\t<\/div>\n\t\t<\/article>\n\t\t\t\t<article class=\"elementor-post elementor-grid-item post-2067 post type-post status-publish format-standard has-post-thumbnail hentry category-systeme-terre category-sante category-vivant\" role=\"listitem\">\n\t\t\t<div class=\"elementor-post__card\">\n\t\t\t\t<a class=\"elementor-post__thumbnail__link\" href=\"https:\/\/www.chaireearth.org\/en\/une-menace-a-venir-en-provenance-du-passe\/\" tabindex=\"-1\" ><div class=\"elementor-post__thumbnail\"><img loading=\"lazy\" decoding=\"async\" width=\"300\" height=\"150\" src=\"https:\/\/www.chaireearth.org\/wp-content\/uploads\/2024\/09\/3ca3f4_66622d87eef94fa4b9d52d069e1742fbmv2-300x150.webp\" class=\"attachment-medium size-medium wp-image-2057\" alt=\"\" srcset=\"https:\/\/www.chaireearth.org\/wp-content\/uploads\/2024\/09\/3ca3f4_66622d87eef94fa4b9d52d069e1742fbmv2-300x150.webp 300w, https:\/\/www.chaireearth.org\/wp-content\/uploads\/2024\/09\/3ca3f4_66622d87eef94fa4b9d52d069e1742fbmv2-1024x512.webp 1024w, https:\/\/www.chaireearth.org\/wp-content\/uploads\/2024\/09\/3ca3f4_66622d87eef94fa4b9d52d069e1742fbmv2-768x384.webp 768w, https:\/\/www.chaireearth.org\/wp-content\/uploads\/2024\/09\/3ca3f4_66622d87eef94fa4b9d52d069e1742fbmv2-18x9.webp 18w, https:\/\/www.chaireearth.org\/wp-content\/uploads\/2024\/09\/3ca3f4_66622d87eef94fa4b9d52d069e1742fbmv2.webp 1280w\" sizes=\"(max-width: 300px) 100vw, 300px\" \/><\/div><\/a>\n\t\t\t\t<div class=\"elementor-post__badge\">Syst\u00e8me Terre<\/div>\n\t\t\t\t<div class=\"elementor-post__text\">\n\t\t\t\t<h3 class=\"elementor-post__title\">\n\t\t\t<a href=\"https:\/\/www.chaireearth.org\/en\/une-menace-a-venir-en-provenance-du-passe\/\" >\n\t\t\t\tUne menace \u00e0 venir en provenance du pass\u00e9\t\t\t<\/a>\n\t\t<\/h3>\n\t\t\n\t\t<a class=\"elementor-post__read-more\" href=\"https:\/\/www.chaireearth.org\/en\/une-menace-a-venir-en-provenance-du-passe\/\" aria-label=\"Read more about Une menace \u00e0 venir en provenance du pass\u00e9\" tabindex=\"-1\" >\n\t\t\tLire le post \u00bb\t\t<\/a>\n\n\t\t\t\t<\/div>\n\t\t\t\t<div class=\"elementor-post__meta-data\">\n\t\t\t\t\t<span class=\"elementor-post-date\">\n\t\t\t22\/09\/2024\t\t<\/span>\n\t\t\t\t<\/div>\n\t\t\t\t\t<\/div>\n\t\t<\/article>\n\t\t\t\t<\/div>\n\t\t\n\t\t\t\t\t\t<\/div>\n\t\t\t\t<\/div>\n\t\t\t\t\t<\/div>\n\t\t<\/div>\n\t\t\t\t\t<\/div>\n\t\t<\/section>\n\t\t\t\t<\/div>","protected":false},"excerpt":{"rendered":"<p>Plus<\/p>","protected":false},"author":1,"featured_media":2049,"comment_status":"open","ping_status":"open","sticky":false,"template":"","format":"standard","meta":{"site-sidebar-layout":"default","site-content-layout":"","ast-site-content-layout":"default","site-content-style":"default","site-sidebar-style":"default","ast-global-header-display":"","ast-banner-title-visibility":"","ast-main-header-display":"","ast-hfb-above-header-display":"","ast-hfb-below-header-display":"","ast-hfb-mobile-header-display":"","site-post-title":"","ast-breadcrumbs-content":"","ast-featured-img":"","footer-sml-layout":"","ast-disable-related-posts":"","theme-transparent-header-meta":"","adv-header-id-meta":"","stick-header-meta":"","header-above-stick-meta":"","header-main-stick-meta":"","header-below-stick-meta":"","astra-migrate-meta-layouts":"set","ast-page-background-enabled":"default","ast-page-background-meta":{"desktop":{"background-color":"var(--ast-global-color-4)","background-image":"","background-repeat":"repeat","background-position":"center center","background-size":"auto","background-attachment":"scroll","background-type":"","background-media":"","overlay-type":"","overlay-color":"","overlay-opacity":"","overlay-gradient":""},"tablet":{"background-color":"","background-image":"","background-repeat":"repeat","background-position":"center center","background-size":"auto","background-attachment":"scroll","background-type":"","background-media":"","overlay-type":"","overlay-color":"","overlay-opacity":"","overlay-gradient":""},"mobile":{"background-color":"","background-image":"","background-repeat":"repeat","background-position":"center center","background-size":"auto","background-attachment":"scroll","background-type":"","background-media":"","overlay-type":"","overlay-color":"","overlay-opacity":"","overlay-gradient":""}},"ast-content-background-meta":{"desktop":{"background-color":"var(--ast-global-color-5)","background-image":"","background-repeat":"repeat","background-position":"center center","background-size":"auto","background-attachment":"scroll","background-type":"","background-media":"","overlay-type":"","overlay-color":"","overlay-opacity":"","overlay-gradient":""},"tablet":{"background-color":"var(--ast-global-color-5)","background-image":"","background-repeat":"repeat","background-position":"center center","background-size":"auto","background-attachment":"scroll","background-type":"","background-media":"","overlay-type":"","overlay-color":"","overlay-opacity":"","overlay-gradient":""},"mobile":{"background-color":"var(--ast-global-color-5)","background-image":"","background-repeat":"repeat","background-position":"center center","background-size":"auto","background-attachment":"scroll","background-type":"","background-media":"","overlay-type":"","overlay-color":"","overlay-opacity":"","overlay-gradient":""}},"footnotes":""},"categories":[7,9],"tags":[],"class_list":["post-2044","post","type-post","status-publish","format-standard","has-post-thumbnail","hentry","category-systeme-terre","category-sante"],"yoast_head":"<!-- This site is optimized with the Yoast SEO plugin v27.5 - https:\/\/yoast.com\/product\/yoast-seo-wordpress\/ -->\n<title>Syst\u00e8me Terre | Plus de la moiti\u00e9 des maladies infectieuses connues aggrav\u00e9es par le r\u00e9chauffement climatique | Syst\u00e8me Terre<\/title>\n<meta name=\"description\" content=\"Apr\u00e8s plusieurs d\u00e9cennies de recherches scientifiques, de nombreuses incertitudes entourent encore la question du d\u00e9r\u00e8glement climatique.\" \/>\n<meta name=\"robots\" content=\"index, follow, max-snippet:-1, max-image-preview:large, max-video-preview:-1\" \/>\n<link rel=\"canonical\" href=\"https:\/\/www.chaireearth.org\/en\/plus-de-la-moitie-des-maladies-infectieuses-connues-aggravees-par-le-rechauffement-climatique\/\" \/>\n<meta property=\"og:locale\" content=\"en_GB\" \/>\n<meta property=\"og:type\" content=\"article\" \/>\n<meta property=\"og:title\" content=\"Syst\u00e8me Terre | Plus de la moiti\u00e9 des maladies infectieuses connues aggrav\u00e9es par le r\u00e9chauffement climatique | Syst\u00e8me Terre\" \/>\n<meta property=\"og:description\" content=\"Apr\u00e8s plusieurs d\u00e9cennies de recherches scientifiques, de nombreuses incertitudes entourent encore la question du d\u00e9r\u00e8glement climatique.\" \/>\n<meta property=\"og:url\" content=\"https:\/\/www.chaireearth.org\/en\/plus-de-la-moitie-des-maladies-infectieuses-connues-aggravees-par-le-rechauffement-climatique\/\" \/>\n<meta property=\"og:site_name\" content=\"Chaire Earth\" \/>\n<meta property=\"article:published_time\" content=\"2024-09-22T10:27:16+00:00\" \/>\n<meta property=\"article:modified_time\" content=\"2024-10-07T07:54:42+00:00\" \/>\n<meta property=\"og:image\" content=\"https:\/\/www.chaireearth.org\/wp-content\/uploads\/2024\/09\/3ca3f4_c500dd90568e41af9e8d92e9ddba654cmv2.webp\" \/>\n\t<meta property=\"og:image:width\" content=\"1480\" \/>\n\t<meta property=\"og:image:height\" content=\"986\" \/>\n\t<meta property=\"og:image:type\" content=\"image\/webp\" \/>\n<meta name=\"author\" content=\"ChaireEarthCJB49\" \/>\n<meta name=\"twitter:card\" content=\"summary_large_image\" \/>\n<meta name=\"twitter:label1\" content=\"Written by\" \/>\n\t<meta name=\"twitter:data1\" content=\"ChaireEarthCJB49\" \/>\n\t<meta name=\"twitter:label2\" content=\"Estimated reading time\" \/>\n\t<meta name=\"twitter:data2\" content=\"8 minutes\" \/>\n<script type=\"application\/ld+json\" class=\"yoast-schema-graph\">{\"@context\":\"https:\\\/\\\/schema.org\",\"@graph\":[{\"@type\":\"Article\",\"@id\":\"https:\\\/\\\/www.chaireearth.org\\\/plus-de-la-moitie-des-maladies-infectieuses-connues-aggravees-par-le-rechauffement-climatique\\\/#article\",\"isPartOf\":{\"@id\":\"https:\\\/\\\/www.chaireearth.org\\\/plus-de-la-moitie-des-maladies-infectieuses-connues-aggravees-par-le-rechauffement-climatique\\\/\"},\"author\":{\"name\":\"ChaireEarthCJB49\",\"@id\":\"https:\\\/\\\/www.chaireearth.org\\\/#\\\/schema\\\/person\\\/aab705526a3f6c9fc95f3f99e73419cd\"},\"headline\":\"Plus de la moiti\u00e9 des maladies infectieuses connues aggrav\u00e9es par le r\u00e9chauffement climatique\",\"datePublished\":\"2024-09-22T10:27:16+00:00\",\"dateModified\":\"2024-10-07T07:54:42+00:00\",\"mainEntityOfPage\":{\"@id\":\"https:\\\/\\\/www.chaireearth.org\\\/plus-de-la-moitie-des-maladies-infectieuses-connues-aggravees-par-le-rechauffement-climatique\\\/\"},\"wordCount\":1152,\"commentCount\":0,\"publisher\":{\"@id\":\"https:\\\/\\\/www.chaireearth.org\\\/#organization\"},\"image\":{\"@id\":\"https:\\\/\\\/www.chaireearth.org\\\/plus-de-la-moitie-des-maladies-infectieuses-connues-aggravees-par-le-rechauffement-climatique\\\/#primaryimage\"},\"thumbnailUrl\":\"https:\\\/\\\/www.chaireearth.org\\\/wp-content\\\/uploads\\\/2024\\\/09\\\/3ca3f4_c500dd90568e41af9e8d92e9ddba654cmv2.webp\",\"articleSection\":[\"Syst\u00e8me Terre\",\"Sant\u00e9\"],\"inLanguage\":\"en-GB\",\"potentialAction\":[{\"@type\":\"CommentAction\",\"name\":\"Comment\",\"target\":[\"https:\\\/\\\/www.chaireearth.org\\\/plus-de-la-moitie-des-maladies-infectieuses-connues-aggravees-par-le-rechauffement-climatique\\\/#respond\"]}]},{\"@type\":\"WebPage\",\"@id\":\"https:\\\/\\\/www.chaireearth.org\\\/plus-de-la-moitie-des-maladies-infectieuses-connues-aggravees-par-le-rechauffement-climatique\\\/\",\"url\":\"https:\\\/\\\/www.chaireearth.org\\\/plus-de-la-moitie-des-maladies-infectieuses-connues-aggravees-par-le-rechauffement-climatique\\\/\",\"name\":\"Syst\u00e8me Terre | Plus de la moiti\u00e9 des maladies infectieuses connues aggrav\u00e9es par le r\u00e9chauffement climatique | Syst\u00e8me Terre\",\"isPartOf\":{\"@id\":\"https:\\\/\\\/www.chaireearth.org\\\/#website\"},\"primaryImageOfPage\":{\"@id\":\"https:\\\/\\\/www.chaireearth.org\\\/plus-de-la-moitie-des-maladies-infectieuses-connues-aggravees-par-le-rechauffement-climatique\\\/#primaryimage\"},\"image\":{\"@id\":\"https:\\\/\\\/www.chaireearth.org\\\/plus-de-la-moitie-des-maladies-infectieuses-connues-aggravees-par-le-rechauffement-climatique\\\/#primaryimage\"},\"thumbnailUrl\":\"https:\\\/\\\/www.chaireearth.org\\\/wp-content\\\/uploads\\\/2024\\\/09\\\/3ca3f4_c500dd90568e41af9e8d92e9ddba654cmv2.webp\",\"datePublished\":\"2024-09-22T10:27:16+00:00\",\"dateModified\":\"2024-10-07T07:54:42+00:00\",\"description\":\"Apr\u00e8s plusieurs d\u00e9cennies de recherches scientifiques, de nombreuses incertitudes entourent encore la question du d\u00e9r\u00e8glement climatique.\",\"breadcrumb\":{\"@id\":\"https:\\\/\\\/www.chaireearth.org\\\/plus-de-la-moitie-des-maladies-infectieuses-connues-aggravees-par-le-rechauffement-climatique\\\/#breadcrumb\"},\"inLanguage\":\"en-GB\",\"potentialAction\":[{\"@type\":\"ReadAction\",\"target\":[\"https:\\\/\\\/www.chaireearth.org\\\/plus-de-la-moitie-des-maladies-infectieuses-connues-aggravees-par-le-rechauffement-climatique\\\/\"]}]},{\"@type\":\"ImageObject\",\"inLanguage\":\"en-GB\",\"@id\":\"https:\\\/\\\/www.chaireearth.org\\\/plus-de-la-moitie-des-maladies-infectieuses-connues-aggravees-par-le-rechauffement-climatique\\\/#primaryimage\",\"url\":\"https:\\\/\\\/www.chaireearth.org\\\/wp-content\\\/uploads\\\/2024\\\/09\\\/3ca3f4_c500dd90568e41af9e8d92e9ddba654cmv2.webp\",\"contentUrl\":\"https:\\\/\\\/www.chaireearth.org\\\/wp-content\\\/uploads\\\/2024\\\/09\\\/3ca3f4_c500dd90568e41af9e8d92e9ddba654cmv2.webp\",\"width\":1480,\"height\":986},{\"@type\":\"BreadcrumbList\",\"@id\":\"https:\\\/\\\/www.chaireearth.org\\\/plus-de-la-moitie-des-maladies-infectieuses-connues-aggravees-par-le-rechauffement-climatique\\\/#breadcrumb\",\"itemListElement\":[{\"@type\":\"ListItem\",\"position\":1,\"name\":\"Accueil\",\"item\":\"https:\\\/\\\/www.chaireearth.org\\\/\"},{\"@type\":\"ListItem\",\"position\":2,\"name\":\"Syst\u00e8me Terre\",\"item\":\"https:\\\/\\\/www.chaireearth.org\\\/systeme-terre\\\/\"},{\"@type\":\"ListItem\",\"position\":3,\"name\":\"Plus de la moiti\u00e9 des maladies infectieuses connues aggrav\u00e9es par le r\u00e9chauffement climatique\"}]},{\"@type\":\"WebSite\",\"@id\":\"https:\\\/\\\/www.chaireearth.org\\\/#website\",\"url\":\"https:\\\/\\\/www.chaireearth.org\\\/\",\"name\":\"Chaire Earth\",\"description\":\"Chaire Earth Projet\",\"publisher\":{\"@id\":\"https:\\\/\\\/www.chaireearth.org\\\/#organization\"},\"potentialAction\":[{\"@type\":\"SearchAction\",\"target\":{\"@type\":\"EntryPoint\",\"urlTemplate\":\"https:\\\/\\\/www.chaireearth.org\\\/?s={search_term_string}\"},\"query-input\":{\"@type\":\"PropertyValueSpecification\",\"valueRequired\":true,\"valueName\":\"search_term_string\"}}],\"inLanguage\":\"en-GB\"},{\"@type\":\"Organization\",\"@id\":\"https:\\\/\\\/www.chaireearth.org\\\/#organization\",\"name\":\"Chair Earth\",\"url\":\"https:\\\/\\\/www.chaireearth.org\\\/\",\"logo\":{\"@type\":\"ImageObject\",\"inLanguage\":\"en-GB\",\"@id\":\"https:\\\/\\\/www.chaireearth.org\\\/#\\\/schema\\\/logo\\\/image\\\/\",\"url\":\"https:\\\/\\\/www.chaireearth.org\\\/wp-content\\\/uploads\\\/2023\\\/04\\\/Capture-decran-2023-04-27-a-12.52.02.png\",\"contentUrl\":\"https:\\\/\\\/www.chaireearth.org\\\/wp-content\\\/uploads\\\/2023\\\/04\\\/Capture-decran-2023-04-27-a-12.52.02.png\",\"width\":572,\"height\":297,\"caption\":\"Chair Earth\"},\"image\":{\"@id\":\"https:\\\/\\\/www.chaireearth.org\\\/#\\\/schema\\\/logo\\\/image\\\/\"}},{\"@type\":\"Person\",\"@id\":\"https:\\\/\\\/www.chaireearth.org\\\/#\\\/schema\\\/person\\\/aab705526a3f6c9fc95f3f99e73419cd\",\"name\":\"ChaireEarthCJB49\",\"image\":{\"@type\":\"ImageObject\",\"inLanguage\":\"en-GB\",\"@id\":\"https:\\\/\\\/secure.gravatar.com\\\/avatar\\\/369671e2c7ee77f8353a358a9e4d69097bc6cd05a06f35a08d420074df98423e?s=96&d=mm&r=g\",\"url\":\"https:\\\/\\\/secure.gravatar.com\\\/avatar\\\/369671e2c7ee77f8353a358a9e4d69097bc6cd05a06f35a08d420074df98423e?s=96&d=mm&r=g\",\"contentUrl\":\"https:\\\/\\\/secure.gravatar.com\\\/avatar\\\/369671e2c7ee77f8353a358a9e4d69097bc6cd05a06f35a08d420074df98423e?s=96&d=mm&r=g\",\"caption\":\"ChaireEarthCJB49\"},\"sameAs\":[\"https:\\\/\\\/www.chaireearth.org\"]}]}<\/script>\n<!-- \/ Yoast SEO plugin. -->","yoast_head_json":{"title":"Syst\u00e8me Terre | Plus de la moiti\u00e9 des maladies infectieuses connues aggrav\u00e9es par le r\u00e9chauffement climatique | Syst\u00e8me Terre","description":"Apr\u00e8s plusieurs d\u00e9cennies de recherches scientifiques, de nombreuses incertitudes entourent encore la question du d\u00e9r\u00e8glement climatique.","robots":{"index":"index","follow":"follow","max-snippet":"max-snippet:-1","max-image-preview":"max-image-preview:large","max-video-preview":"max-video-preview:-1"},"canonical":"https:\/\/www.chaireearth.org\/en\/plus-de-la-moitie-des-maladies-infectieuses-connues-aggravees-par-le-rechauffement-climatique\/","og_locale":"en_GB","og_type":"article","og_title":"Syst\u00e8me Terre | Plus de la moiti\u00e9 des maladies infectieuses connues aggrav\u00e9es par le r\u00e9chauffement climatique | Syst\u00e8me Terre","og_description":"Apr\u00e8s plusieurs d\u00e9cennies de recherches scientifiques, de nombreuses incertitudes entourent encore la question du d\u00e9r\u00e8glement climatique.","og_url":"https:\/\/www.chaireearth.org\/en\/plus-de-la-moitie-des-maladies-infectieuses-connues-aggravees-par-le-rechauffement-climatique\/","og_site_name":"Chaire Earth","article_published_time":"2024-09-22T10:27:16+00:00","article_modified_time":"2024-10-07T07:54:42+00:00","og_image":[{"width":1480,"height":986,"url":"https:\/\/www.chaireearth.org\/wp-content\/uploads\/2024\/09\/3ca3f4_c500dd90568e41af9e8d92e9ddba654cmv2.webp","type":"image\/webp"}],"author":"ChaireEarthCJB49","twitter_card":"summary_large_image","twitter_misc":{"Written by":"ChaireEarthCJB49","Estimated reading time":"8 minutes"},"schema":{"@context":"https:\/\/schema.org","@graph":[{"@type":"Article","@id":"https:\/\/www.chaireearth.org\/plus-de-la-moitie-des-maladies-infectieuses-connues-aggravees-par-le-rechauffement-climatique\/#article","isPartOf":{"@id":"https:\/\/www.chaireearth.org\/plus-de-la-moitie-des-maladies-infectieuses-connues-aggravees-par-le-rechauffement-climatique\/"},"author":{"name":"ChaireEarthCJB49","@id":"https:\/\/www.chaireearth.org\/#\/schema\/person\/aab705526a3f6c9fc95f3f99e73419cd"},"headline":"Plus de la moiti\u00e9 des maladies infectieuses connues aggrav\u00e9es par le r\u00e9chauffement climatique","datePublished":"2024-09-22T10:27:16+00:00","dateModified":"2024-10-07T07:54:42+00:00","mainEntityOfPage":{"@id":"https:\/\/www.chaireearth.org\/plus-de-la-moitie-des-maladies-infectieuses-connues-aggravees-par-le-rechauffement-climatique\/"},"wordCount":1152,"commentCount":0,"publisher":{"@id":"https:\/\/www.chaireearth.org\/#organization"},"image":{"@id":"https:\/\/www.chaireearth.org\/plus-de-la-moitie-des-maladies-infectieuses-connues-aggravees-par-le-rechauffement-climatique\/#primaryimage"},"thumbnailUrl":"https:\/\/www.chaireearth.org\/wp-content\/uploads\/2024\/09\/3ca3f4_c500dd90568e41af9e8d92e9ddba654cmv2.webp","articleSection":["Syst\u00e8me Terre","Sant\u00e9"],"inLanguage":"en-GB","potentialAction":[{"@type":"CommentAction","name":"Comment","target":["https:\/\/www.chaireearth.org\/plus-de-la-moitie-des-maladies-infectieuses-connues-aggravees-par-le-rechauffement-climatique\/#respond"]}]},{"@type":"WebPage","@id":"https:\/\/www.chaireearth.org\/plus-de-la-moitie-des-maladies-infectieuses-connues-aggravees-par-le-rechauffement-climatique\/","url":"https:\/\/www.chaireearth.org\/plus-de-la-moitie-des-maladies-infectieuses-connues-aggravees-par-le-rechauffement-climatique\/","name":"Syst\u00e8me Terre | Plus de la moiti\u00e9 des maladies infectieuses connues aggrav\u00e9es par le r\u00e9chauffement climatique | Syst\u00e8me Terre","isPartOf":{"@id":"https:\/\/www.chaireearth.org\/#website"},"primaryImageOfPage":{"@id":"https:\/\/www.chaireearth.org\/plus-de-la-moitie-des-maladies-infectieuses-connues-aggravees-par-le-rechauffement-climatique\/#primaryimage"},"image":{"@id":"https:\/\/www.chaireearth.org\/plus-de-la-moitie-des-maladies-infectieuses-connues-aggravees-par-le-rechauffement-climatique\/#primaryimage"},"thumbnailUrl":"https:\/\/www.chaireearth.org\/wp-content\/uploads\/2024\/09\/3ca3f4_c500dd90568e41af9e8d92e9ddba654cmv2.webp","datePublished":"2024-09-22T10:27:16+00:00","dateModified":"2024-10-07T07:54:42+00:00","description":"Apr\u00e8s plusieurs d\u00e9cennies de recherches scientifiques, de nombreuses incertitudes entourent encore la question du d\u00e9r\u00e8glement climatique.","breadcrumb":{"@id":"https:\/\/www.chaireearth.org\/plus-de-la-moitie-des-maladies-infectieuses-connues-aggravees-par-le-rechauffement-climatique\/#breadcrumb"},"inLanguage":"en-GB","potentialAction":[{"@type":"ReadAction","target":["https:\/\/www.chaireearth.org\/plus-de-la-moitie-des-maladies-infectieuses-connues-aggravees-par-le-rechauffement-climatique\/"]}]},{"@type":"ImageObject","inLanguage":"en-GB","@id":"https:\/\/www.chaireearth.org\/plus-de-la-moitie-des-maladies-infectieuses-connues-aggravees-par-le-rechauffement-climatique\/#primaryimage","url":"https:\/\/www.chaireearth.org\/wp-content\/uploads\/2024\/09\/3ca3f4_c500dd90568e41af9e8d92e9ddba654cmv2.webp","contentUrl":"https:\/\/www.chaireearth.org\/wp-content\/uploads\/2024\/09\/3ca3f4_c500dd90568e41af9e8d92e9ddba654cmv2.webp","width":1480,"height":986},{"@type":"BreadcrumbList","@id":"https:\/\/www.chaireearth.org\/plus-de-la-moitie-des-maladies-infectieuses-connues-aggravees-par-le-rechauffement-climatique\/#breadcrumb","itemListElement":[{"@type":"ListItem","position":1,"name":"Accueil","item":"https:\/\/www.chaireearth.org\/"},{"@type":"ListItem","position":2,"name":"Syst\u00e8me Terre","item":"https:\/\/www.chaireearth.org\/systeme-terre\/"},{"@type":"ListItem","position":3,"name":"Plus de la moiti\u00e9 des maladies infectieuses connues aggrav\u00e9es par le r\u00e9chauffement climatique"}]},{"@type":"WebSite","@id":"https:\/\/www.chaireearth.org\/#website","url":"https:\/\/www.chaireearth.org\/","name":"Chaire Earth","description":"Chaire Earth Project","publisher":{"@id":"https:\/\/www.chaireearth.org\/#organization"},"potentialAction":[{"@type":"SearchAction","target":{"@type":"EntryPoint","urlTemplate":"https:\/\/www.chaireearth.org\/?s={search_term_string}"},"query-input":{"@type":"PropertyValueSpecification","valueRequired":true,"valueName":"search_term_string"}}],"inLanguage":"en-GB"},{"@type":"Organization","@id":"https:\/\/www.chaireearth.org\/#organization","name":"Chair Earth","url":"https:\/\/www.chaireearth.org\/","logo":{"@type":"ImageObject","inLanguage":"en-GB","@id":"https:\/\/www.chaireearth.org\/#\/schema\/logo\/image\/","url":"https:\/\/www.chaireearth.org\/wp-content\/uploads\/2023\/04\/Capture-decran-2023-04-27-a-12.52.02.png","contentUrl":"https:\/\/www.chaireearth.org\/wp-content\/uploads\/2023\/04\/Capture-decran-2023-04-27-a-12.52.02.png","width":572,"height":297,"caption":"Chair Earth"},"image":{"@id":"https:\/\/www.chaireearth.org\/#\/schema\/logo\/image\/"}},{"@type":"Person","@id":"https:\/\/www.chaireearth.org\/#\/schema\/person\/aab705526a3f6c9fc95f3f99e73419cd","name":"ChaireEarthCJB49","image":{"@type":"ImageObject","inLanguage":"en-GB","@id":"https:\/\/secure.gravatar.com\/avatar\/369671e2c7ee77f8353a358a9e4d69097bc6cd05a06f35a08d420074df98423e?s=96&d=mm&r=g","url":"https:\/\/secure.gravatar.com\/avatar\/369671e2c7ee77f8353a358a9e4d69097bc6cd05a06f35a08d420074df98423e?s=96&d=mm&r=g","contentUrl":"https:\/\/secure.gravatar.com\/avatar\/369671e2c7ee77f8353a358a9e4d69097bc6cd05a06f35a08d420074df98423e?s=96&d=mm&r=g","caption":"ChaireEarthCJB49"},"sameAs":["https:\/\/www.chaireearth.org"]}]}},"_links":{"self":[{"href":"https:\/\/www.chaireearth.org\/en\/wp-json\/wp\/v2\/posts\/2044","targetHints":{"allow":["GET"]}}],"collection":[{"href":"https:\/\/www.chaireearth.org\/en\/wp-json\/wp\/v2\/posts"}],"about":[{"href":"https:\/\/www.chaireearth.org\/en\/wp-json\/wp\/v2\/types\/post"}],"author":[{"embeddable":true,"href":"https:\/\/www.chaireearth.org\/en\/wp-json\/wp\/v2\/users\/1"}],"replies":[{"embeddable":true,"href":"https:\/\/www.chaireearth.org\/en\/wp-json\/wp\/v2\/comments?post=2044"}],"version-history":[{"count":13,"href":"https:\/\/www.chaireearth.org\/en\/wp-json\/wp\/v2\/posts\/2044\/revisions"}],"predecessor-version":[{"id":2297,"href":"https:\/\/www.chaireearth.org\/en\/wp-json\/wp\/v2\/posts\/2044\/revisions\/2297"}],"wp:featuredmedia":[{"embeddable":true,"href":"https:\/\/www.chaireearth.org\/en\/wp-json\/wp\/v2\/media\/2049"}],"wp:attachment":[{"href":"https:\/\/www.chaireearth.org\/en\/wp-json\/wp\/v2\/media?parent=2044"}],"wp:term":[{"taxonomy":"category","embeddable":true,"href":"https:\/\/www.chaireearth.org\/en\/wp-json\/wp\/v2\/categories?post=2044"},{"taxonomy":"post_tag","embeddable":true,"href":"https:\/\/www.chaireearth.org\/en\/wp-json\/wp\/v2\/tags?post=2044"}],"curies":[{"name":"wp","href":"https:\/\/api.w.org\/{rel}","templated":true}]}}